{"id":10912,"date":"2026-04-29T09:36:32","date_gmt":"2026-04-29T08:36:32","guid":{"rendered":"https:\/\/audiocare.pt\/por-que-e-que-a-audicao-diminui-com-a-idade\/"},"modified":"2026-04-30T10:15:22","modified_gmt":"2026-04-30T09:15:22","slug":"por-que-e-que-a-audicao-diminui-com-a-idade","status":"publish","type":"post","link":"https:\/\/audiocare.pt\/pt-pt\/por-que-e-que-a-audicao-diminui-com-a-idade\/","title":{"rendered":"Por que \u00e9 que a audi\u00e7\u00e3o diminui com a idade?"},"content":{"rendered":"<!DOCTYPE html PUBLIC \"-\/\/W3C\/\/DTD HTML 4.0 Transitional\/\/EN\" \"http:\/\/www.w3.org\/TR\/REC-html40\/loose.dtd\">\n<html><body><div data-elementor-type=\"wp-post\" data-elementor-id=\"10912\" class=\"elementor elementor-10912 elementor-10896\" data-elementor-post-type=\"post\">\n\t\t\t\t\t\t<section class=\"elementor-section elementor-top-section elementor-element elementor-element-63d0127c elementor-section-boxed elementor-section-height-default elementor-section-height-default\" data-id=\"63d0127c\" data-element_type=\"section\">\n\t\t\t\t\t\t<div class=\"elementor-container elementor-column-gap-default\">\n\t\t\t\t\t<div class=\"elementor-column elementor-col-100 elementor-top-column elementor-element elementor-element-275319e6\" data-id=\"275319e6\" data-element_type=\"column\">\n\t\t\t<div class=\"elementor-widget-wrap elementor-element-populated\">\n\t\t\t\t\t\t<div class=\"elementor-element elementor-element-195e448 elementor-toc--minimized-on-tablet elementor-widget elementor-widget-table-of-contents\" data-id=\"195e448\" data-element_type=\"widget\" data-settings='{\"headings_by_tags\":[\"h4\"],\"exclude_headings_by_selector\":[],\"no_headings_message\":\"No headings were found on this page.\",\"collapse_subitems\":\"yes\",\"min_height\":{\"unit\":\"px\",\"size\":50,\"sizes\":[]},\"marker_view\":\"numbers\",\"minimize_box\":\"yes\",\"minimized_on\":\"tablet\",\"hierarchical_view\":\"yes\",\"min_height_tablet\":{\"unit\":\"px\",\"size\":\"\",\"sizes\":[]},\"min_height_mobile\":{\"unit\":\"px\",\"size\":\"\",\"sizes\":[]}}' data-widget_type=\"table-of-contents.default\">\n\t\t\t\t<div class=\"elementor-widget-container\">\n\t\t\t\t\t\t\t<div class=\"elementor-toc__header\">\n\t\t\t<h4 class=\"elementor-toc__header-title\">\n\t\t\t\t&Iacute;ndice\t\t\t<\/h4>\n\t\t\t\t\t\t\t<div class=\"elementor-toc__toggle-button elementor-toc__toggle-button--expand\" role=\"button\" tabindex=\"0\" aria-controls=\"elementor-toc__195e448\" aria-expanded=\"true\" aria-label=\"Open table of contents\"><svg aria-hidden=\"true\" class=\"e-font-icon-svg e-fas-chevron-down\" viewbox=\"0 0 448 512\" xmlns=\"http:\/\/www.w3.org\/2000\/svg\"><path d=\"M207.029 381.476L12.686 187.132c-9.373-9.373-9.373-24.569 0-33.941l22.667-22.667c9.357-9.357 24.522-9.375 33.901-.04L224 284.505l154.745-154.021c9.379-9.335 24.544-9.317 33.901.04l22.667 22.667c9.373 9.373 9.373 24.569 0 33.941L240.971 381.476c-9.373 9.372-24.569 9.372-33.942 0z\"><\/path><\/svg><\/div>\n\t\t\t\t<div class=\"elementor-toc__toggle-button elementor-toc__toggle-button--collapse\" role=\"button\" tabindex=\"0\" aria-controls=\"elementor-toc__195e448\" aria-expanded=\"true\" aria-label=\"Close table of contents\"><svg aria-hidden=\"true\" class=\"e-font-icon-svg e-fas-chevron-up\" viewbox=\"0 0 448 512\" xmlns=\"http:\/\/www.w3.org\/2000\/svg\"><path d=\"M240.971 130.524l194.343 194.343c9.373 9.373 9.373 24.569 0 33.941l-22.667 22.667c-9.357 9.357-24.522 9.375-33.901.04L224 227.495 69.255 381.516c-9.379 9.335-24.544 9.317-33.901-.04l-22.667-22.667c-9.373-9.373-9.373-24.569 0-33.941L207.03 130.525c9.372-9.373 24.568-9.373 33.941-.001z\"><\/path><\/svg><\/div>\n\t\t\t\t\t<\/div>\n\t\t<div id=\"elementor-toc__195e448\" class=\"elementor-toc__body elementor-toc__list-items--collapsible\">\n\t\t\t<div class=\"elementor-toc__spinner-container\">\n\t\t\t\t<svg class=\"elementor-toc__spinner eicon-animation-spin e-font-icon-svg e-eicon-loading\" aria-hidden=\"true\" viewbox=\"0 0 1000 1000\" xmlns=\"http:\/\/www.w3.org\/2000\/svg\"><path d=\"M500 975V858C696 858 858 696 858 500S696 142 500 142 142 304 142 500H25C25 237 238 25 500 25S975 237 975 500 763 975 500 975Z\"><\/path><\/svg>\t\t\t<\/div>\n\t\t<\/div>\n\t\t\t\t\t\t<\/div>\n\t\t\t\t<\/div>\n\t\t\t\t<div class=\"elementor-element elementor-element-47cdd02 elementor-widget elementor-widget-text-editor\" data-id=\"47cdd02\" data-element_type=\"widget\" data-widget_type=\"text-editor.default\">\n\t\t\t\t<div class=\"elementor-widget-container\">\n\t\t\t\t\t\t\t\t\t<p class=\"p1\">A maioria das pessoas n&atilde;o acorda um dia com &laquo;<a href=\"https:\/\/audiocare.pt\/pt-pt\/audiometria-de-alta-frequencia-detectando-a-perda-auditiva-antes-que-seja-tarde-demais\/\">problemas de audi&ccedil;&atilde;o<\/a>&raquo;. Normalmente, a mudan&ccedil;a ocorre gradualmente. Os nomes come&ccedil;am a soar semelhantes. Ouve-se o in&iacute;cio de uma frase, mas perde-se a &uacute;ltima palavra. Em locais movimentados, consegue-se ouvir uma voz, mas tem-se dificuldade em perceber o que foi dito. Muitas pessoas assumem que se trata apenas de &laquo;ru&iacute;do de fundo&raquo; ou que toda a gente est&aacute; a murmurar mais do que antes. Muitas vezes, trata-se de um padr&atilde;o muito normal de altera&ccedil;&atilde;o auditiva relacionada com a idade, por vezes designada por presbiacusia. O envelhecimento faz parte do processo, mas raramente &eacute; o &uacute;nico fator. A exposi&ccedil;&atilde;o ao longo da vida, a forma como o ouvido interno lida com o desgaste e a sa&uacute;de geral podem, todos eles, determinar a rapidez com que a audi&ccedil;&atilde;o se altera e o qu&atilde;o percet&iacute;vel essa altera&ccedil;&atilde;o se torna.        <\/p><h4 class=\"p1\">O que muda no interior do ouvido ao longo do tempo<\/h4><p class=\"p1\">A audi&ccedil;&atilde;o tem in&iacute;cio na c&oacute;clea, uma pequena estrutura em espiral no ouvido interno, revestida por delicadas c&eacute;lulas ciliadas sensoriais e conex&otilde;es nervosas. Estas c&eacute;lulas ciliadas ajudam a converter as vibra&ccedil;&otilde;es sonoras em sinais que o c&eacute;rebro consegue interpretar. Ao longo de d&eacute;cadas, essas estruturas podem tornar-se menos eficientes. A altera&ccedil;&atilde;o inicial mais comum afeta primeiro as frequ&ecirc;ncias mais altas. Essa &eacute; a parte da audi&ccedil;&atilde;o que transmite os detalhes da fala, particularmente as consoantes. As vogais podem continuar a soar fortes, raz&atilde;o pela qual algu&eacute;m pode &laquo;ouvir&raquo; uma voz, mas ainda assim n&atilde;o compreender o significado. Uma vez que as c&eacute;lulas ciliadas do ouvido interno e as conex&otilde;es nervosas s&atilde;o danificadas, n&atilde;o se regeneram, o que &eacute; uma das raz&otilde;es pelas quais a perda auditiva relacionada com a idade &eacute; geralmente permanente, em vez de algo que desaparece com o tempo. A idade tamb&eacute;m afeta a forma como o c&eacute;rebro processa o som. Mesmo com limiares auditivos semelhantes, algumas pessoas t&ecirc;m mais dificuldade em separar uma voz do ru&iacute;do de fundo porque o sistema auditivo global, ouvido mais c&eacute;rebro, tem de trabalhar mais para classificar e filtrar sinais concorrentes.        <\/p><p class=\"p1\">Algumas altera&ccedil;&otilde;es mec&acirc;nicas tamb&eacute;m podem contribuir para isso. O t&iacute;mpano e as estruturas do ouvido m&eacute;dio podem endurecer ligeiramente com a idade, e doen&ccedil;as como a otosclerose podem agravar a perda auditiva de condu&ccedil;&atilde;o em algumas pessoas. A cera do ouvido tamb&eacute;m pode tornar-se um problema, n&atilde;o porque o envelhecimento &laquo;crie&raquo; cera, mas porque esta pode secar, endurecer e acumular-se mais facilmente em alguns adultos, levando a uma sensa&ccedil;&atilde;o de obstru&ccedil;&atilde;o e a uma redu&ccedil;&atilde;o tempor&aacute;ria da audi&ccedil;&atilde;o. O ponto importante &eacute; que o decl&iacute;nio auditivo relacionado com a idade n&atilde;o tem uma causa &uacute;nica. Trata-se de uma combina&ccedil;&atilde;o de desgaste do ouvido interno, transmiss&atilde;o nervosa e, por vezes, fatores facilmente corrig&iacute;veis, como a cera ou altera&ccedil;&otilde;es na press&atilde;o do ouvido m&eacute;dio.    <\/p><h4 class=\"p1\">Por que &eacute; que muitas vezes parece ser um problema de discurso e n&atilde;o um problema de volume<\/h4><p class=\"p1\">Se aumenta o volume da televis&atilde;o mas continua a n&atilde;o perceber o di&aacute;logo, est&aacute; a descrever uma realidade comum da perda auditiva. Aumentar o volume amplifica tudo, incluindo o ru&iacute;do de fundo. Se o que falta &eacute; clareza, um volume mais alto pode tornar-se cansativo antes de se tornar &uacute;til. A compreens&atilde;o da fala depende fortemente dos detalhes de alta frequ&ecirc;ncia e do timing. Quando as altera&ccedil;&otilde;es auditivas reduzem o acesso a esses detalhes subtis, o c&eacute;rebro preenche as lacunas usando o contexto. Essa compensa&ccedil;&atilde;o funciona surpreendentemente bem durante algum tempo. Depois, percebe-se o custo: a concentra&ccedil;&atilde;o aumenta, os ambientes sociais tornam-se desgastantes e come&ccedil;a-se a evitar locais onde a conversa se tornou um esfor&ccedil;o.      <\/p><p class=\"p1\">&Eacute; por isso que as pessoas costumam dizer que uma conversa tranquila a s&oacute;s n&atilde;o apresenta problemas, mas que os restaurantes s&atilde;o um desafio. O espa&ccedil;o est&aacute; repleto de ru&iacute;dos semelhantes &agrave; fala que se sobrep&otilde;em. N&atilde;o se trata apenas de ouvir. Trata-se de tentar distinguir, concentrar-se e descodificar. &Eacute; precisamente a&iacute; que as pequenas altera&ccedil;&otilde;es nas altas frequ&ecirc;ncias se tornam evidentes.    <\/p>\t\t\t\t\t\t\t\t<\/div>\n\t\t\t\t<\/div>\n\t\t\t\t\t<\/div>\n\t\t<\/div>\n\t\t\t\t\t<\/div>\n\t\t<\/section>\n\t\t\t\t<section class=\"elementor-section elementor-top-section elementor-element elementor-element-8f8a84c elementor-section-full_width elementor-section-height-default elementor-section-height-default\" data-id=\"8f8a84c\" data-element_type=\"section\" data-settings='{\"background_background\":\"classic\"}'>\n\t\t\t\t\t\t<div class=\"elementor-container elementor-column-gap-default\">\n\t\t\t\t\t<div class=\"elementor-column elementor-col-100 elementor-top-column elementor-element elementor-element-30a0406\" data-id=\"30a0406\" data-element_type=\"column\">\n\t\t\t<div class=\"elementor-widget-wrap elementor-element-populated\">\n\t\t\t\t\t\t<div class=\"elementor-element elementor-element-bde9f4a elementor-widget elementor-widget-text-editor\" data-id=\"bde9f4a\" data-element_type=\"widget\" data-widget_type=\"text-editor.default\">\n\t\t\t\t<div class=\"elementor-widget-container\">\n\t\t\t\t\t\t\t\t\t<h4 class=\"p1\">A idade &eacute; um fator, mas o estilo de vida e a sa&uacute;de determinam o resultado<\/h4><p class=\"p1\">A perda auditiva relacionada com a idade &eacute; comum, mas n&atilde;o &eacute; totalmente aleat&oacute;ria. A exposi&ccedil;&atilde;o prolongada ao ru&iacute;do pode acelerar esse processo. Anos de exposi&ccedil;&atilde;o a m&uacute;sica alta, ferramentas el&eacute;tricas, motos ou ru&iacute;do no local de trabalho podem causar danos que s&oacute; se tornam evidentes mais tarde, quando as altera&ccedil;&otilde;es relacionadas com a idade se somam a esses fatores. Esta &eacute; uma das raz&otilde;es pelas quais duas pessoas da mesma idade podem ter uma audi&ccedil;&atilde;o muito diferente.   <\/p><p class=\"p1\">A sa&uacute;de geral tamb&eacute;m &eacute; importante. Doen&ccedil;as mais comuns na terceira idade, como hipertens&atilde;o arterial e diabetes, t&ecirc;m sido associadas &agrave; perda auditiva. Isso n&atilde;o significa que todas as pessoas com estas doen&ccedil;as venham a desenvolver problemas auditivos, mas significa que a sa&uacute;de auditiva est&aacute; ligada &agrave; sa&uacute;de geral do organismo. Certos medicamentos tamb&eacute;m podem afetar a audi&ccedil;&atilde;o. Alguns s&atilde;o diretamente t&oacute;xicos para as c&eacute;lulas sensoriais do ouvido, particularmente alguns agentes quimioterap&ecirc;uticos, e outros medicamentos podem contribuir para zumbidos ou altera&ccedil;&otilde;es auditivas em indiv&iacute;duos suscet&iacute;veis. Isto n&atilde;o &eacute; motivo para interromper a medica&ccedil;&atilde;o prescrita, mas &eacute; motivo para mencionar as altera&ccedil;&otilde;es auditivas ao seu m&eacute;dico, para que os riscos possam ser avaliados adequadamente.     <\/p><p class=\"p1\">O tabagismo &eacute; outro fator que pode contribuir para o stress vascular e inflamat&oacute;rio no organismo, tendo sido associado, em v&aacute;rios estudos, &agrave; perda auditiva. Por fim, a gen&eacute;tica desempenha um papel importante. Algumas fam&iacute;lias apresentam simplesmente uma maior tend&ecirc;ncia para altera&ccedil;&otilde;es auditivas mais precoces ou mais r&aacute;pidas, mesmo sem uma exposi&ccedil;&atilde;o significativa ao ru&iacute;do.  <\/p><p class=\"p1\">A conclus&atilde;o pr&aacute;tica &eacute; simples. A idade &eacute; o pano de fundo, mas a exposi&ccedil;&atilde;o ao longo da vida, o seu perfil m&eacute;dico e os seus h&aacute;bitos influenciam a rapidez e a intensidade com que a audi&ccedil;&atilde;o se altera. <\/p><h4 class=\"p1\">Sinais precoces que devem ser levados a s&eacute;rio<\/h4><p class=\"p1\">Os primeiros sinais s&atilde;o frequentemente sociais, e n&atilde;o m&eacute;dicos. Pede para repetirem com mais frequ&ecirc;ncia, especialmente quando h&aacute; mais do que uma pessoa a falar. Confunde nomes ou palavras que soam semelhantes. Sente-se cansado ap&oacute;s conversas em grupo. Come&ccedil;a a preferir locais mais tranquilos, n&atilde;o porque esteja &laquo;farto de multid&otilde;es&raquo;, mas porque est&aacute; a esfor&ccedil;ar-se para acompanhar a conversa. Os familiares podem notar que fala um pouco mais alto do que antes, ou que responde com um certo atraso. As chamadas telef&oacute;nicas podem tornar-se mais dif&iacute;ceis porque perde as pistas visuais e depende de um sinal de largura de banda limitada.      <\/p><p class=\"p1\">&Eacute; tamb&eacute;m comum sentir zumbido, um som semelhante a um tinido ou zumbido, seja ocasionalmente ou com maior frequ&ecirc;ncia. O zumbido n&atilde;o significa necessariamente que se trate de uma doen&ccedil;a grave, mas est&aacute; frequentemente associado a altera&ccedil;&otilde;es auditivas e vale a pena avali&aacute;-lo no seu contexto. <\/p><p class=\"p1\">O objetivo de reconhecer estes sinais n&atilde;o &eacute; rotular-se a si pr&oacute;prio. Trata-se de decidir se &eacute; altura de fazer um exame auditivo de refer&ecirc;ncia. <\/p>\t\t\t\t\t\t\t\t<\/div>\n\t\t\t\t<\/div>\n\t\t\t\t<div class=\"elementor-element elementor-element-84cde56 elementor-widget-divider--view-line elementor-widget elementor-widget-divider\" data-id=\"84cde56\" data-element_type=\"widget\" data-widget_type=\"divider.default\">\n\t\t\t\t<div class=\"elementor-widget-container\">\n\t\t\t\t\t\t\t<div class=\"elementor-divider\">\n\t\t\t<span class=\"elementor-divider-separator\">\n\t\t\t\t\t\t<\/span>\n\t\t<\/div>\n\t\t\t\t\t\t<\/div>\n\t\t\t\t<\/div>\n\t\t\t\t\t<\/div>\n\t\t<\/div>\n\t\t\t\t\t<\/div>\n\t\t<\/section>\n\t\t\t\t<section class=\"elementor-section elementor-top-section elementor-element elementor-element-02d1806 elementor-section-boxed elementor-section-height-default elementor-section-height-default\" data-id=\"02d1806\" data-element_type=\"section\">\n\t\t\t\t\t\t<div class=\"elementor-container elementor-column-gap-default\">\n\t\t\t\t\t<div class=\"elementor-column elementor-col-100 elementor-top-column elementor-element elementor-element-2278bb2\" data-id=\"2278bb2\" data-element_type=\"column\">\n\t\t\t<div class=\"elementor-widget-wrap\">\n\t\t\t\t\t\t\t<\/div>\n\t\t<\/div>\n\t\t\t\t\t<\/div>\n\t\t<\/section>\n\t\t\t\t<section class=\"elementor-section elementor-top-section elementor-element elementor-element-558e76b elementor-section-boxed elementor-section-height-default elementor-section-height-default\" data-id=\"558e76b\" data-element_type=\"section\">\n\t\t\t\t\t\t<div class=\"elementor-container elementor-column-gap-default\">\n\t\t\t\t\t<div class=\"elementor-column elementor-col-100 elementor-top-column elementor-element elementor-element-38cc146\" data-id=\"38cc146\" data-element_type=\"column\">\n\t\t\t<div class=\"elementor-widget-wrap elementor-element-populated\">\n\t\t\t\t\t\t<div class=\"elementor-element elementor-element-4de8af7 elementor-widget elementor-widget-text-editor\" data-id=\"4de8af7\" data-element_type=\"widget\" data-widget_type=\"text-editor.default\">\n\t\t\t\t<div class=\"elementor-widget-container\">\n\t\t\t\t\t\t\t\t\t<h4 class=\"p1\">O que ajuda e por que &eacute; importante ter uma refer&ecirc;ncia<\/h4><p class=\"p1\">N&atilde;o &eacute; poss&iacute;vel prevenir todas as altera&ccedil;&otilde;es relacionadas com a idade, mas pode influenciar a forma como as vive. Uma avalia&ccedil;&atilde;o auditiva tranquila fornece-lhe uma refer&ecirc;ncia. Essa refer&ecirc;ncia facilita a dete&ccedil;&atilde;o precoce de altera&ccedil;&otilde;es futuras, antes de passar anos a compensar a perda auditiva. Tamb&eacute;m permite esclarecer se existe alguma causa trat&aacute;vel que contribua para o problema, como a acumula&ccedil;&atilde;o de cera ou um problema no ouvido m&eacute;dio. Se for confirmada a perda auditiva, poder&aacute; discutir op&ccedil;&otilde;es pr&aacute;ticas.    <\/p><p class=\"p1\">Para muitos adultos, os aparelhos auditivos s&atilde;o o apoio mais eficaz no dia a dia, pois permitem voltar a perceber as pistas da fala a n&iacute;veis confort&aacute;veis. N&atilde;o se trata apenas de volume. Uma boa adapta&ccedil;&atilde;o visa a clareza, o conforto e uma experi&ecirc;ncia realista nos locais onde realmente vive e trabalha. O acompanhamento e o ajuste fino s&atilde;o importantes porque o seu c&eacute;rebro se adapta aos detalhes sonoros recuperados e porque os seus ambientes de audi&ccedil;&atilde;o reais s&atilde;o mais complexos do que qualquer cabine de teste. A Audiocare trabalha em parceria com a Signia, que apoia um processo de adapta&ccedil;&atilde;o estruturado, otimiza&ccedil;&atilde;o e manuten&ccedil;&atilde;o cont&iacute;nua, para que o desempenho se mantenha consistente.    <\/p><p class=\"p1\">Para al&eacute;m dos dispositivos, a preven&ccedil;&atilde;o simples continua a ser importante. Proteja a sua audi&ccedil;&atilde;o contra ru&iacute;dos altos. Use prote&ccedil;&atilde;o auricular ao utilizar ferramentas, motores e em eventos ao vivo. Mantenha o volume dos auscultadores a n&iacute;veis razo&aacute;veis. Encare os exames auditivos como os exames oftalmol&oacute;gicos: rotineiros, pr&aacute;ticos e que vale a pena fazer antes de sentir que est&aacute; em apuros.    <\/p><p class=\"p1\">Se notar uma perda auditiva s&uacute;bita, dor, secre&ccedil;&atilde;o ou tonturas significativas, isso requer uma avalia&ccedil;&atilde;o imediata, em vez de um acompanhamento de rotina. No caso de altera&ccedil;&otilde;es graduais, a medida mais &uacute;til &eacute; geralmente a mais simples: marque uma consulta para estabelecer um valor de refer&ecirc;ncia e acompanhe a evolu&ccedil;&atilde;o. <\/p><h4 class=\"p1\">Uma audi&ccedil;&atilde;o mais n&iacute;tida &eacute; um objetivo realista<\/h4><p class=\"p1\">A perda auditiva relacionada com a idade &eacute; comum, mas n&atilde;o tem de limitar o seu mundo. Quanto mais cedo compreender o que est&aacute; a mudar, mais f&aacute;cil ser&aacute; reagir de forma calma e pr&aacute;tica. Para algumas pessoas, isso significa tranquilidade e acompanhamento. Para outras, significa eliminar um simples obst&aacute;culo e seguir em frente. Para muitos, significa aparelhos auditivos que restauram os detalhes da fala e reduzem o esfor&ccedil;o di&aacute;rio de ouvir. O objetivo n&atilde;o &eacute; a perfei&ccedil;&atilde;o. O objetivo &eacute; clareza, conforto e confian&ccedil;a na comunica&ccedil;&atilde;o do dia a dia.      <\/p>\t\t\t\t\t\t\t\t<\/div>\n\t\t\t\t<\/div>\n\t\t\t\t<div class=\"elementor-element elementor-element-973b401 elementor-widget elementor-widget-image\" data-id=\"973b401\" data-element_type=\"widget\" data-widget_type=\"image.default\">\n\t\t\t\t<div class=\"elementor-widget-container\">\n\t\t\t\t\t\t\t\t\t\t\t\t\t\t\t<img fetchpriority=\"high\" decoding=\"async\" width=\"780\" height=\"439\" src=\"data:image\/svg+xml;charset=utf-8,%3Csvg%20xmlns%3D'http%3A%2F%2Fwww.w3.org%2F2000%2Fsvg'%20viewBox%3D'0%200%201024%20576'%2F%3E\" class=\"attachment-large size-large wp-image-10899 ld-lazyload\" alt=\"\" data-src=\"https:\/\/audiocare.pt\/wp-content\/uploads\/2026\/04\/why-does-hearing-decline-with-age1-1024x576.jpg\" data-srcset=\"https:\/\/audiocare.pt\/wp-content\/uploads\/2026\/04\/why-does-hearing-decline-with-age1-1024x576.jpg 1024w, https:\/\/audiocare.pt\/wp-content\/uploads\/2026\/04\/why-does-hearing-decline-with-age1-300x169.jpg 300w, https:\/\/audiocare.pt\/wp-content\/uploads\/2026\/04\/why-does-hearing-decline-with-age1.jpg 1200w\" data-sizes=\"(max-width: 780px) 100vw, 780px\" data-aspect=\"1.7777777777778\">\t\t\t\t\t\t\t\t\t\t\t\t\t\t\t<\/div>\n\t\t\t\t<\/div>\n\t\t\t\t\t<\/div>\n\t\t<\/div>\n\t\t\t\t\t<\/div>\n\t\t<\/section>\n\t\t\t\t<section class=\"elementor-section elementor-top-section elementor-element elementor-element-7f47ed4 elementor-section-boxed elementor-section-height-default elementor-section-height-default\" data-id=\"7f47ed4\" data-element_type=\"section\">\n\t\t\t\t\t\t<div class=\"elementor-container elementor-column-gap-default\">\n\t\t\t\t\t<div class=\"elementor-column elementor-col-100 elementor-top-column elementor-element elementor-element-ba48f01\" data-id=\"ba48f01\" data-element_type=\"column\">\n\t\t\t<div class=\"elementor-widget-wrap elementor-element-populated\">\n\t\t\t\t\t\t<div class=\"elementor-element elementor-element-7db8057 elementor-widget elementor-widget-text-editor\" data-id=\"7db8057\" data-element_type=\"widget\" data-widget_type=\"text-editor.default\">\n\t\t\t\t<div class=\"elementor-widget-container\">\n\t\t\t\t\t\t\t\t\t<h4>Refer&ecirc;ncias<\/h4><ul><li class=\"p1\"><a href=\"https:\/\/www.nidcd.nih.gov\/health\/age-related-hearing-loss\"> \nhttps:\/\/www.nidcd.nih.gov\/health\/age-related-hearing-loss\n <\/a><\/li><li class=\"p1\"><a href=\"https:\/\/www.who.int\/news-room\/fact-sheets\/detail\/deafness-and-hearing-loss\"> \nhttps:\/\/www.who.int\/news-room\/fact-sheets\/detail\/deafness-and-hearing-loss\n <\/a><\/li><li class=\"p1\"><a href=\"https:\/\/www.who.int\/publications\/i\/item\/9789240020481\"> \nhttps:\/\/www.who.int\/publications\/i\/item\/9789240020481\n <\/a><\/li><li class=\"p1\"><a href=\"https:\/\/www.nice.org.uk\/guidance\/ng98\">https:\/\/www.nice.org.uk\/guidance\/ng98\n <\/a><\/li><li class=\"p1\"><a href=\"https:\/\/www.nhs.uk\/conditions\/hearing-loss\/\"> \nhttps:\/\/www.nhs.uk\/conditions\/hearing-loss\/\n <\/a><\/li><\/ul><p> <\/p>\t\t\t\t\t\t\t\t<\/div>\n\t\t\t\t<\/div>\n\t\t\t\t\t<\/div>\n\t\t<\/div>\n\t\t\t\t\t<\/div>\n\t\t<\/section>\n\t\t\t\t<\/div>\n\t\t<\/body><\/html>\n","protected":false},"excerpt":{"rendered":"<p>A maioria das pessoas n\u00e3o acorda um dia com \u00abproblemas de audi\u00e7\u00e3o\u00bb. Normalmente, a mudan\u00e7a ocorre gradualmente. Os nomes come\u00e7am a soar semelhantes. Ouve-se o in\u00edcio de uma frase, mas perde-se a \u00faltima palavra. Em locais movimentados, consegue-se ouvir uma voz, mas tem-se dificuldade em perceber o que foi dito. Muitas pessoas assumem que se trata apenas de \u00abru\u00eddo de fundo\u00bb ou que toda a gente est\u00e1 a murmurar mais do que antes. Muitas vezes, trata-se de um padr\u00e3o muito normal de altera\u00e7\u00e3o auditiva relacionada com a idade, por vezes designada por presbiacusia. O envelhecimento faz parte do processo, mas raramente \u00e9 o \u00fanico fator. A exposi\u00e7\u00e3o ao longo da vida, a forma como o ouvido interno lida com o desgaste e a sa\u00fade geral podem, todos eles, determinar a rapidez com que a audi\u00e7\u00e3o se altera e o qu\u00e3o percet\u00edvel essa altera\u00e7\u00e3o se torna.        <\/p>\n","protected":false},"author":1,"featured_media":10901,"comment_status":"closed","ping_status":"closed","sticky":false,"template":"","format":"standard","meta":{"_seopress_robots_primary_cat":"","_seopress_titles_title":"Por que \u00e9 que a audi\u00e7\u00e3o diminui com a idade?","_seopress_titles_desc":"A perda auditiva relacionada \u00e0 idade geralmente come\u00e7a com a dificuldade em compreender a clareza da fala, e n\u00e3o com o volume. Saiba mais sobre as mudan\u00e7as que ocorrem no ouvido ao longo do tempo, os principais sinais precoces e medidas pr\u00e1ticas que podem ajudar. ","_seopress_robots_index":"","footnotes":""},"categories":[38,24],"tags":[313,106,314],"class_list":["post-10912","post","type-post","status-publish","format-standard","has-post-thumbnail","hentry","category-aparelhos-auditivos","category-audiology-pt-pt","tag-hearing-change-pt-pt","tag-ouvido-interno","tag-presbiacusia-pt-pt"],"_links":{"self":[{"href":"https:\/\/audiocare.pt\/pt-pt\/wp-json\/wp\/v2\/posts\/10912","targetHints":{"allow":["GET"]}}],"collection":[{"href":"https:\/\/audiocare.pt\/pt-pt\/wp-json\/wp\/v2\/posts"}],"about":[{"href":"https:\/\/audiocare.pt\/pt-pt\/wp-json\/wp\/v2\/types\/post"}],"author":[{"embeddable":true,"href":"https:\/\/audiocare.pt\/pt-pt\/wp-json\/wp\/v2\/users\/1"}],"replies":[{"embeddable":true,"href":"https:\/\/audiocare.pt\/pt-pt\/wp-json\/wp\/v2\/comments?post=10912"}],"version-history":[{"count":1,"href":"https:\/\/audiocare.pt\/pt-pt\/wp-json\/wp\/v2\/posts\/10912\/revisions"}],"predecessor-version":[{"id":10913,"href":"https:\/\/audiocare.pt\/pt-pt\/wp-json\/wp\/v2\/posts\/10912\/revisions\/10913"}],"wp:featuredmedia":[{"embeddable":true,"href":"https:\/\/audiocare.pt\/pt-pt\/wp-json\/wp\/v2\/media\/10901"}],"wp:attachment":[{"href":"https:\/\/audiocare.pt\/pt-pt\/wp-json\/wp\/v2\/media?parent=10912"}],"wp:term":[{"taxonomy":"category","embeddable":true,"href":"https:\/\/audiocare.pt\/pt-pt\/wp-json\/wp\/v2\/categories?post=10912"},{"taxonomy":"post_tag","embeddable":true,"href":"https:\/\/audiocare.pt\/pt-pt\/wp-json\/wp\/v2\/tags?post=10912"}],"curies":[{"name":"wp","href":"https:\/\/api.w.org\/{rel}","templated":true}]}}