{"id":10870,"date":"2026-03-30T18:41:16","date_gmt":"2026-03-30T17:41:16","guid":{"rendered":"https:\/\/audiocare.pt\/negacao-da-perda-auditiva-ajudar-um-ente-querido-a-dar-o-primeiro-passo\/"},"modified":"2026-04-07T18:18:45","modified_gmt":"2026-04-07T17:18:45","slug":"negacao-da-perda-auditiva-ajudar-um-ente-querido-a-dar-o-primeiro-passo","status":"publish","type":"post","link":"https:\/\/audiocare.pt\/pt-pt\/negacao-da-perda-auditiva-ajudar-um-ente-querido-a-dar-o-primeiro-passo\/","title":{"rendered":"Nega\u00e7\u00e3o da perda auditiva: ajudar um ente querido a dar o primeiro passo"},"content":{"rendered":"<!DOCTYPE html PUBLIC \"-\/\/W3C\/\/DTD HTML 4.0 Transitional\/\/EN\" \"http:\/\/www.w3.org\/TR\/REC-html40\/loose.dtd\">\n<html><body><div data-elementor-type=\"wp-post\" data-elementor-id=\"10870\" class=\"elementor elementor-10870 elementor-10851\" data-elementor-post-type=\"post\">\n\t\t\t\t\t\t<section class=\"elementor-section elementor-top-section elementor-element elementor-element-63d0127c elementor-section-boxed elementor-section-height-default elementor-section-height-default\" data-id=\"63d0127c\" data-element_type=\"section\">\n\t\t\t\t\t\t<div class=\"elementor-container elementor-column-gap-default\">\n\t\t\t\t\t<div class=\"elementor-column elementor-col-100 elementor-top-column elementor-element elementor-element-275319e6\" data-id=\"275319e6\" data-element_type=\"column\">\n\t\t\t<div class=\"elementor-widget-wrap elementor-element-populated\">\n\t\t\t\t\t\t<div class=\"elementor-element elementor-element-195e448 elementor-toc--minimized-on-tablet elementor-widget elementor-widget-table-of-contents\" data-id=\"195e448\" data-element_type=\"widget\" data-settings='{\"headings_by_tags\":[\"h4\"],\"exclude_headings_by_selector\":[],\"no_headings_message\":\"No headings were found on this page.\",\"collapse_subitems\":\"yes\",\"min_height\":{\"unit\":\"px\",\"size\":50,\"sizes\":[]},\"marker_view\":\"numbers\",\"minimize_box\":\"yes\",\"minimized_on\":\"tablet\",\"hierarchical_view\":\"yes\",\"min_height_tablet\":{\"unit\":\"px\",\"size\":\"\",\"sizes\":[]},\"min_height_mobile\":{\"unit\":\"px\",\"size\":\"\",\"sizes\":[]}}' data-widget_type=\"table-of-contents.default\">\n\t\t\t\t<div class=\"elementor-widget-container\">\n\t\t\t\t\t\t\t<div class=\"elementor-toc__header\">\n\t\t\t<h4 class=\"elementor-toc__header-title\">\n\t\t\t\t&Iacute;ndice\t\t\t<\/h4>\n\t\t\t\t\t\t\t<div class=\"elementor-toc__toggle-button elementor-toc__toggle-button--expand\" role=\"button\" tabindex=\"0\" aria-controls=\"elementor-toc__195e448\" aria-expanded=\"true\" aria-label=\"Open table of contents\"><svg aria-hidden=\"true\" class=\"e-font-icon-svg e-fas-chevron-down\" viewbox=\"0 0 448 512\" xmlns=\"http:\/\/www.w3.org\/2000\/svg\"><path d=\"M207.029 381.476L12.686 187.132c-9.373-9.373-9.373-24.569 0-33.941l22.667-22.667c9.357-9.357 24.522-9.375 33.901-.04L224 284.505l154.745-154.021c9.379-9.335 24.544-9.317 33.901.04l22.667 22.667c9.373 9.373 9.373 24.569 0 33.941L240.971 381.476c-9.373 9.372-24.569 9.372-33.942 0z\"><\/path><\/svg><\/div>\n\t\t\t\t<div class=\"elementor-toc__toggle-button elementor-toc__toggle-button--collapse\" role=\"button\" tabindex=\"0\" aria-controls=\"elementor-toc__195e448\" aria-expanded=\"true\" aria-label=\"Close table of contents\"><svg aria-hidden=\"true\" class=\"e-font-icon-svg e-fas-chevron-up\" viewbox=\"0 0 448 512\" xmlns=\"http:\/\/www.w3.org\/2000\/svg\"><path d=\"M240.971 130.524l194.343 194.343c9.373 9.373 9.373 24.569 0 33.941l-22.667 22.667c-9.357 9.357-24.522 9.375-33.901.04L224 227.495 69.255 381.516c-9.379 9.335-24.544 9.317-33.901-.04l-22.667-22.667c-9.373-9.373-9.373-24.569 0-33.941L207.03 130.525c9.372-9.373 24.568-9.373 33.941-.001z\"><\/path><\/svg><\/div>\n\t\t\t\t\t<\/div>\n\t\t<div id=\"elementor-toc__195e448\" class=\"elementor-toc__body elementor-toc__list-items--collapsible\">\n\t\t\t<div class=\"elementor-toc__spinner-container\">\n\t\t\t\t<svg class=\"elementor-toc__spinner eicon-animation-spin e-font-icon-svg e-eicon-loading\" aria-hidden=\"true\" viewbox=\"0 0 1000 1000\" xmlns=\"http:\/\/www.w3.org\/2000\/svg\"><path d=\"M500 975V858C696 858 858 696 858 500S696 142 500 142 142 304 142 500H25C25 237 238 25 500 25S975 237 975 500 763 975 500 975Z\"><\/path><\/svg>\t\t\t<\/div>\n\t\t<\/div>\n\t\t\t\t\t\t<\/div>\n\t\t\t\t<\/div>\n\t\t\t\t<div class=\"elementor-element elementor-element-47cdd02 elementor-widget elementor-widget-text-editor\" data-id=\"47cdd02\" data-element_type=\"widget\" data-widget_type=\"text-editor.default\">\n\t\t\t\t<div class=\"elementor-widget-container\">\n\t\t\t\t\t\t\t\t\t<h4 class=\"p1\">Nega&ccedil;&atilde;o da perda auditiva: por que acontece e como ajudar um ente querido a dar o primeiro passo<\/h4><p class=\"p1\">A perda auditiva raramente surge com um ponto de partida claro. Ela instala-se gradualmente. Uma palavra que n&atilde;o se ouve aqui, a televis&atilde;o um pouco mais alta ali, uma avers&atilde;o crescente a restaurantes movimentados que n&atilde;o se consegue explicar bem. Quando se gosta de algu&eacute;m que est&aacute; a passar por isto, pode ser dif&iacute;cil de assistir. As conversas tornam-se cansativas para essa pessoa e frustrantes para todos os outros. Pode sentir-se tentado a insistir mais, especialmente se os sinais lhe parecem &oacute;bvios. No entanto, o que parece teimosia &eacute; muitas vezes outra coisa: uma resposta de prote&ccedil;&atilde;o ao desconforto, ao embara&ccedil;o, ao medo da mudan&ccedil;a ou a uma m&aacute; experi&ecirc;ncia passada. A nega&ccedil;&atilde;o &eacute; comum e n&atilde;o &eacute; um defeito de car&aacute;ter. O primeiro passo tamb&eacute;m n&atilde;o precisa de ser dram&aacute;tico. Uma <a href=\"https:\/\/audiocare.pt\/pt-pt\/aparelhos-auditivos-e-acessorios\/\">avalia&ccedil;&atilde;o auditiva calma e profissional<\/a> pode ser enquadrada como uma simples refer&ecirc;ncia inicial, da mesma forma que as pessoas verificam a press&atilde;o arterial ou a vis&atilde;o. Este artigo explica por que raz&atilde;o a nega&ccedil;&atilde;o acontece e como orientar um ente querido para essa primeira consulta com menos conflito e mais dignidade.          <\/p><h4 class=\"p1\">Por que raz&atilde;o se recusa a aceitar a realidade, mesmo quando os sinais s&atilde;o evidentes<\/h4><p class=\"p1\">O detalhe mais importante &eacute; que a perda auditiva &eacute; geralmente gradual. As pessoas compensam sem se aperceberem do quanto o est&atilde;o a fazer. Observam os rostos com mais aten&ccedil;&atilde;o. Preenchem as lacunas com base no contexto. Escolhem lugares que facilitam a audi&ccedil;&atilde;o. Evitam reuni&otilde;es em grupo e dizem a si mesmas que simplesmente se tornaram menos soci&aacute;veis. Como a mudan&ccedil;a &eacute; lenta, o novo normal parece-lhes normal. Outro fator &eacute; a fadiga. Ouvir com a audi&ccedil;&atilde;o reduzida requer frequentemente uma concentra&ccedil;&atilde;o intensa. Algumas pessoas lidam com isso falando menos. Outras lidam com isso acenando com a cabe&ccedil;a. Nenhuma das duas situa&ccedil;&otilde;es parece um problema m&eacute;dico visto de dentro; pode parecer uma quest&atilde;o de personalidade ou prefer&ecirc;ncia.           <\/p><p class=\"p1\">Existe tamb&eacute;m o estigma. Muitos adultos ainda associam os aparelhos auditivos ao envelhecimento ou &agrave; perda de independ&ecirc;ncia. Mesmo pessoas que s&atilde;o pr&aacute;ticas e racionais noutras &aacute;reas podem ter dificuldade em aceitar a ideia de usar um aparelho. Para alguns, parece um an&uacute;ncio p&uacute;blico. Para outros, parece uma ren&uacute;ncia ao controlo. Se a isso se juntar o receio do custo, da complexidade ou de ser pressionado a comprar, a nega&ccedil;&atilde;o torna-se uma t&aacute;tica de adiamento compreens&iacute;vel.     <\/p><p class=\"p1\">Por fim, algumas pessoas tiveram uma experi&ecirc;ncia que n&atilde;o foi positiva. Uma consulta apressada, explica&ccedil;&otilde;es pouco claras, um aparelho que causava desconforto ou um ajuste que nunca foi feito corretamente podem criar uma impress&atilde;o duradoura de que os cuidados auditivos s&atilde;o decepcionantes. Se essa foi a sua experi&ecirc;ncia, &eacute; poss&iacute;vel que se protejam recusando-se a voltar a procurar esses servi&ccedil;os.  <\/p>\t\t\t\t\t\t\t\t<\/div>\n\t\t\t\t<\/div>\n\t\t\t\t\t<\/div>\n\t\t<\/div>\n\t\t\t\t\t<\/div>\n\t\t<\/section>\n\t\t\t\t<section class=\"elementor-section elementor-top-section elementor-element elementor-element-8f8a84c elementor-section-full_width elementor-section-height-default elementor-section-height-default\" data-id=\"8f8a84c\" data-element_type=\"section\" data-settings='{\"background_background\":\"classic\"}'>\n\t\t\t\t\t\t<div class=\"elementor-container elementor-column-gap-default\">\n\t\t\t\t\t<div class=\"elementor-column elementor-col-100 elementor-top-column elementor-element elementor-element-30a0406\" data-id=\"30a0406\" data-element_type=\"column\">\n\t\t\t<div class=\"elementor-widget-wrap elementor-element-populated\">\n\t\t\t\t\t\t<div class=\"elementor-element elementor-element-bde9f4a elementor-widget elementor-widget-text-editor\" data-id=\"bde9f4a\" data-element_type=\"widget\" data-widget_type=\"text-editor.default\">\n\t\t\t\t<div class=\"elementor-widget-container\">\n\t\t\t\t\t\t\t\t\t<h4 class=\"p1\">Como se manifesta a nega&ccedil;&atilde;o no dia a dia<\/h4><p class=\"p1\">A nega&ccedil;&atilde;o manifesta-se frequentemente atrav&eacute;s de hist&oacute;rias, e n&atilde;o de afirma&ccedil;&otilde;es. &laquo;As pessoas falam mal.&raquo; &laquo;A ac&uacute;stica aqui &eacute; p&eacute;ssima.&raquo; &laquo;Todos falam demasiado depressa.&raquo; &laquo;&Eacute; s&oacute; ru&iacute;do de fundo.&raquo; Estas explica&ccedil;&otilde;es podem ser parcialmente verdadeiras, mas tamb&eacute;m podem ser uma forma de evitar o padr&atilde;o mais abrangente. Tamb&eacute;m poder&aacute; observar mudan&ccedil;as subtis de comportamento. Deixam de atender chamadas porque lhes parece um esfor&ccedil;o. Afastam-se durante o jantar porque n&atilde;o conseguem acompanhar as conversas simult&acirc;neas. Riem-se um pouco mais tarde porque est&atilde;o a adivinhar. Tornam-se mais irrit&aacute;veis em ambientes ruidosos porque o seu c&eacute;rebro est&aacute; sobrecarregado.       <\/p><p class=\"p1\">&Eacute; importante ter em conta que o seu ente querido pode estar a tentar proteger a sua identidade. Para muitos adultos, a perda auditiva &eacute; vista como uma amea&ccedil;a &agrave; sua capacidade de agir com compet&ecirc;ncia. Preocupam-se em parecer confusos, lentos ou dependentes. Se abordar o assunto de uma forma que provoque vergonha, a nega&ccedil;&atilde;o ir&aacute; intensificar-se. Se o abordar de uma forma que preserve a dignidade, a porta abre-se.    <\/p><h4 class=\"p1\">Como iniciar a conversa sem provocar uma rea&ccedil;&atilde;o defensiva<\/h4><p class=\"p1\">As frases curtas e espec&iacute;ficas s&atilde;o mais eficazes do que as longas e emotivas. Em vez de afirma&ccedil;&otilde;es gen&eacute;ricas, utilize uma observa&ccedil;&atilde;o clara e relacione-a com o conforto. Por exemplo: &laquo;Reparei que pede mais vezes para repetirem o que dizem nos caf&eacute;s e nos jantares em fam&iacute;lia. Parece cansativo. Estaria disposto a fazer um teste r&aacute;pido &agrave; audi&ccedil;&atilde;o, apenas para ter uma refer&ecirc;ncia?&raquo; Isto funciona melhor do que &laquo;N&atilde;o consegue ouvir&raquo;, porque se centra na situa&ccedil;&atilde;o e n&atilde;o na pessoa.   <\/p><p class=\"p1\">Pe&ccedil;a permiss&atilde;o antes de dar conselhos. &laquo;Posso partilhar algo que reparei?&raquo; d&aacute;-lhes a possibilidade de escolher. A possibilidade de escolha reduz a resist&ecirc;ncia. Escolha tamb&eacute;m cuidadosamente o momento certo. N&atilde;o aborde o assunto no meio de uma discuss&atilde;o, logo ap&oacute;s um mal-entendido ou quando a pessoa estiver envergonhada. Aborde o assunto num momento de calma, talvez durante um passeio ou ap&oacute;s uma refei&ccedil;&atilde;o descontra&iacute;da.     <\/p><p class=\"p1\">D&ecirc; um primeiro passo pequeno. Evite avan&ccedil;ar diretamente para os aparelhos auditivos. Muitas pessoas ouvem &laquo;teste auditivo&raquo; e imaginam imediatamente que lhes v&atilde;o impor o uso de aparelhos. Apresente-o como uma forma de obter informa&ccedil;&atilde;o. Um exame de refer&ecirc;ncia &eacute; um passo neutro e pr&aacute;tico. N&atilde;o obriga a tomar uma decis&atilde;o no mesmo dia. Apenas indica qual &eacute; a situa&ccedil;&atilde;o atual. Se conseguir comunicar isso com clareza, elimina uma grande barreira.       <\/p><p class=\"p1\">Por fim, fale em termos dos objetivos deles. Sentem falta de ir a restaurantes? Sentem-se cansados ap&oacute;s conversas em grupo? Querem que as chamadas telef&oacute;nicas sejam mais f&aacute;ceis? Querem que as reuni&otilde;es sejam menos stressantes? As pessoas agem mais rapidamente quando o benef&iacute;cio &eacute; pessoal e imediato.     <\/p><h4 class=\"p1\">O que evitar se quiser progredir<\/h4><p class=\"p1\">Certas frases tendem a ter o efeito contr&aacute;rio. &laquo;Nunca me d&aacute;s ouvidos.&raquo; &laquo;Est&aacute;s a ser teimoso.&raquo; &laquo;Est&aacute;s a ficar surdo.&raquo; &laquo;Est&aacute;s a envergonhar-nos.&raquo; Mesmo que a frustra&ccedil;&atilde;o seja real, estas frases provocam vergonha e uma rea&ccedil;&atilde;o defensiva. Transformam um problema de sa&uacute;de num problema de car&aacute;ter.   <\/p><p class=\"p1\">Evite o sarcasmo ou as corre&ccedil;&otilde;es em p&uacute;blico. Se os corrigir em voz alta na presen&ccedil;a de outras pessoas, eles podem fechar-se ainda mais. Evite tamb&eacute;m as t&aacute;ticas de intimida&ccedil;&atilde;o. O medo pode levar a uma obedi&ecirc;ncia tempor&aacute;ria, mas prejudica a confian&ccedil;a e, muitas vezes, impede a ades&atilde;o ao tratamento. O objetivo n&atilde;o &eacute; garantir uma &uacute;nica consulta. O objetivo &eacute; estabelecer uma rotina de cuidados est&aacute;vel.     <\/p><p class=\"p1\">Evite tamb&eacute;m tratar a conversa como um debate num tribunal. N&atilde;o precisa de provar que a pessoa tem perda auditiva. O que precisa de fazer &eacute; facilitar-lhe a verifica&ccedil;&atilde;o.  <\/p>\t\t\t\t\t\t\t\t<\/div>\n\t\t\t\t<\/div>\n\t\t\t\t<div class=\"elementor-element elementor-element-84cde56 elementor-widget-divider--view-line elementor-widget elementor-widget-divider\" data-id=\"84cde56\" data-element_type=\"widget\" data-widget_type=\"divider.default\">\n\t\t\t\t<div class=\"elementor-widget-container\">\n\t\t\t\t\t\t\t<div class=\"elementor-divider\">\n\t\t\t<span class=\"elementor-divider-separator\">\n\t\t\t\t\t\t<\/span>\n\t\t<\/div>\n\t\t\t\t\t\t<\/div>\n\t\t\t\t<\/div>\n\t\t\t\t\t<\/div>\n\t\t<\/div>\n\t\t\t\t\t<\/div>\n\t\t<\/section>\n\t\t\t\t<section class=\"elementor-section elementor-top-section elementor-element elementor-element-02d1806 elementor-section-boxed elementor-section-height-default elementor-section-height-default\" data-id=\"02d1806\" data-element_type=\"section\">\n\t\t\t\t\t\t<div class=\"elementor-container elementor-column-gap-default\">\n\t\t\t\t\t<div class=\"elementor-column elementor-col-100 elementor-top-column elementor-element elementor-element-2278bb2\" data-id=\"2278bb2\" data-element_type=\"column\">\n\t\t\t<div class=\"elementor-widget-wrap\">\n\t\t\t\t\t\t\t<\/div>\n\t\t<\/div>\n\t\t\t\t\t<\/div>\n\t\t<\/section>\n\t\t\t\t<section class=\"elementor-section elementor-top-section elementor-element elementor-element-558e76b elementor-section-boxed elementor-section-height-default elementor-section-height-default\" data-id=\"558e76b\" data-element_type=\"section\">\n\t\t\t\t\t\t<div class=\"elementor-container elementor-column-gap-default\">\n\t\t\t\t\t<div class=\"elementor-column elementor-col-100 elementor-top-column elementor-element elementor-element-38cc146\" data-id=\"38cc146\" data-element_type=\"column\">\n\t\t\t<div class=\"elementor-widget-wrap elementor-element-populated\">\n\t\t\t\t\t\t<div class=\"elementor-element elementor-element-4de8af7 elementor-widget elementor-widget-text-editor\" data-id=\"4de8af7\" data-element_type=\"widget\" data-widget_type=\"text-editor.default\">\n\t\t\t\t<div class=\"elementor-widget-container\">\n\t\t\t\t\t\t\t\t\t<h4 class=\"p1\">Como fazer com que a primeira consulta seja uma experi&ecirc;ncia segura e gratificante<\/h4><p class=\"p1\">As pessoas adiam as consultas m&eacute;dicas quando sentem que isso implica burocracia e incerteza. Podes ajudar eliminando esses obst&aacute;culos. Oferece-te para marcar a consulta. Oferece-te para lev&aacute;-las de carro. Oferece-te para acompanh&aacute;-las. Para algu&eacute;m que est&aacute; ansioso, saber que n&atilde;o estar&aacute; sozinho faz toda a diferen&ccedil;a.     <\/p><p class=\"p1\">Tamb&eacute;m ajuda definir as expectativas com honestidade. Uma boa avalia&ccedil;&atilde;o deve ser tranquila e pr&aacute;tica. Normalmente, inclui uma breve conversa sobre os sintomas e as situa&ccedil;&otilde;es, um exame dos ouvidos, testes de audi&ccedil;&atilde;o com tons e fala, e uma explica&ccedil;&atilde;o clara dos resultados. O resultado deve ser compreens&iacute;vel. Se for detectada uma altera&ccedil;&atilde;o ligeira, isso pode significar acompanhamento e conselhos pr&aacute;ticos. Se houver ac&uacute;mulo de cera, isso pode ser tratado. Se forem recomendados aparelhos auditivos, os pr&oacute;ximos passos devem ser dados de forma gradual e explicados, sem pressa.      <\/p><p class=\"p1\">Se a pessoa de quem gosta estiver preocupada com a possibilidade de ser pressionada, diga-o em voz alta, de forma respeitosa. &laquo;Vamos apenas informar-nos. Podemos decidir o que fazer depois.&raquo; Essa simples frase costuma aliviar a ansiedade.  <\/p><p class=\"p1\">No caso da Audiocare, o servi&ccedil;o de assist&ecirc;ncia dos aparelhos auditivos &eacute; prestado em parceria com a Signia, o que significa que o processo de adapta&ccedil;&atilde;o pode ser estruturado e consistente. Para as pessoas hesitantes, a tranquilidade adv&eacute;m frequentemente da ideia de acompanhamento e afina&ccedil;&atilde;o. O receio n&atilde;o &eacute;, normalmente, o aparelho em si, mas sim a possibilidade de ficar com algo desconfort&aacute;vel e sentir-se encurralado. Quando as pessoas compreendem que as adapta&ccedil;&otilde;es s&atilde;o ajustadas ao longo do tempo com base na vida real, o processo parece mais f&aacute;cil de gerir.   <\/p><h4 class=\"p1\">Como apoi&aacute;-los depois de aceitarem ser examinados<\/h4><p class=\"p1\">Se concordarem, n&atilde;o transforme isso numa vit&oacute;ria. Evite dizer &laquo;Eu bem te disse&raquo;. Encare-o como um passo pr&aacute;tico para a sa&uacute;de. Ap&oacute;s a consulta, pergunte o que compreenderam e como se sentiram, e n&atilde;o o que lhes foi &laquo;dito&raquo;. Algumas pessoas sentem al&iacute;vio. Outras sentem-se irritadas. Outras ainda sentem-se vulner&aacute;veis. Todas as rea&ccedil;&otilde;es s&atilde;o normais.       <\/p><p class=\"p1\">Se forem experimentados aparelhos auditivos, &eacute; de esperar um per&iacute;odo de adapta&ccedil;&atilde;o. No in&iacute;cio, os sons do dia a dia podem parecer mais n&iacute;tidos e a pr&oacute;pria voz pode soar diferente. O uso regular e o afina&ccedil;&atilde;o precisa costumam melhorar esta situa&ccedil;&atilde;o. O melhor apoio &eacute; pr&aacute;tico. Incentive o uso breve e constante no in&iacute;cio e, depois, v&aacute; introduzindo-os em ambientes da vida real. Ajude-os a identificar as situa&ccedil;&otilde;es que continuam a ser dif&iacute;ceis. Ofere&ccedil;a-se para acompanh&aacute;-los a uma consulta de acompanhamento, caso queiram companhia.      <\/p><p class=\"p1\">Tamb&eacute;m pode melhorar a comunica&ccedil;&atilde;o em casa. Olhe para as pessoas quando falar. Reduza os ru&iacute;dos de fundo sempre que poss&iacute;vel. Utilize uma luz direcionada para a mesa. Comece por referir o assunto. Estas pequenas mudan&ccedil;as reduzem imediatamente o esfor&ccedil;o de escuta e ajudam a fam&iacute;lia a sentir-se mais unida enquanto se aborda a quest&atilde;o cl&iacute;nica.     <\/p><h4 class=\"p1\">Transformar um tema dif&iacute;cil num pr&oacute;ximo passo tranquilo<\/h4><p class=\"p1\">A resist&ecirc;ncia costuma diminuir quando a conversa se torna respeitosa e concreta. Comece com uma observa&ccedil;&atilde;o. Relacione-a com o conforto e a vida quotidiana. Sugira um pequeno passo que possa ser revertido. Facilite os pormenores pr&aacute;ticos. Depois, d&ecirc;-lhes espa&ccedil;o para se sentirem no controlo.     <\/p><p class=\"p1\">A perda auditiva n&atilde;o tem de ser vista como um decl&iacute;nio. Pode ser encarada como uma manuten&ccedil;&atilde;o. Uma refer&ecirc;ncia inicial facilita a dete&ccedil;&atilde;o de altera&ccedil;&otilde;es futuras. Uma avalia&ccedil;&atilde;o serena substitui as suposi&ccedil;&otilde;es pela clareza. Se for necess&aacute;rio apoio, os cuidados auditivos modernos podem ser personalizados, ajustados e integrados na vida quotidiana sem complica&ccedil;&otilde;es. O objetivo &eacute; simples: menos mal-entendidos, menos esfor&ccedil;o e mais tranquilidade nos momentos que lhes s&atilde;o importantes.     <\/p>\t\t\t\t\t\t\t\t<\/div>\n\t\t\t\t<\/div>\n\t\t\t\t<div class=\"elementor-element elementor-element-973b401 elementor-widget elementor-widget-image\" data-id=\"973b401\" data-element_type=\"widget\" data-widget_type=\"image.default\">\n\t\t\t\t<div class=\"elementor-widget-container\">\n\t\t\t\t\t\t\t\t\t\t\t\t\t\t\t<img fetchpriority=\"high\" decoding=\"async\" width=\"780\" height=\"439\" src=\"data:image\/svg+xml;charset=utf-8,%3Csvg%20xmlns%3D'http%3A%2F%2Fwww.w3.org%2F2000%2Fsvg'%20viewBox%3D'0%200%201024%20576'%2F%3E\" class=\"attachment-large size-large wp-image-10856 ld-lazyload\" alt=\"\" data-src=\"https:\/\/audiocare.pt\/wp-content\/uploads\/2026\/03\/hearing-loss-denial1-1024x576.jpg\" data-srcset=\"https:\/\/audiocare.pt\/wp-content\/uploads\/2026\/03\/hearing-loss-denial1-1024x576.jpg 1024w, https:\/\/audiocare.pt\/wp-content\/uploads\/2026\/03\/hearing-loss-denial1-300x169.jpg 300w, https:\/\/audiocare.pt\/wp-content\/uploads\/2026\/03\/hearing-loss-denial1.jpg 1200w\" data-sizes=\"(max-width: 780px) 100vw, 780px\" data-aspect=\"1.7777777777778\">\t\t\t\t\t\t\t\t\t\t\t\t\t\t\t<\/div>\n\t\t\t\t<\/div>\n\t\t\t\t\t<\/div>\n\t\t<\/div>\n\t\t\t\t\t<\/div>\n\t\t<\/section>\n\t\t\t\t<section class=\"elementor-section elementor-top-section elementor-element elementor-element-7f47ed4 elementor-section-boxed elementor-section-height-default elementor-section-height-default\" data-id=\"7f47ed4\" data-element_type=\"section\">\n\t\t\t\t\t\t<div class=\"elementor-container elementor-column-gap-default\">\n\t\t\t\t\t<div class=\"elementor-column elementor-col-100 elementor-top-column elementor-element elementor-element-ba48f01\" data-id=\"ba48f01\" data-element_type=\"column\">\n\t\t\t<div class=\"elementor-widget-wrap elementor-element-populated\">\n\t\t\t\t\t\t<div class=\"elementor-element elementor-element-7db8057 elementor-widget elementor-widget-text-editor\" data-id=\"7db8057\" data-element_type=\"widget\" data-widget_type=\"text-editor.default\">\n\t\t\t\t<div class=\"elementor-widget-container\">\n\t\t\t\t\t\t\t\t\t<h4 class=\"p1\">Refer&ecirc;ncias<\/h4><ul><li class=\"p1\"><a href=\"https:\/\/www.nice.org.uk\/guidance\/ng98\">https:\/\/www.nice.org.uk\/guidance\/ng98\n <\/a><\/li><li class=\"p1\"><a href=\"https:\/\/www.who.int\/publications\/i\/item\/world-report-on-hearing\">https:\/\/www.who.int\/publications\/i\/item\/world-report-on-hearing\n <\/a><\/li><li class=\"p1\"><a href=\"https:\/\/www.nidcd.nih.gov\/health\/hearing-aids\">https:\/\/www.nidcd.nih.gov\/health\/hearing-aids\n <\/a><\/li><li class=\"p1\"><a href=\"https:\/\/www.nhs.uk\/conditions\/hearing-loss\/\">https:\/\/www.nhs.uk\/conditions\/hearing-loss\/\n <\/a><\/li><li class=\"p1\"><a href=\"https:\/\/www.nhs.uk\/conditions\/hearing-aids\/\">https:\/\/www.nhs.uk\/conditions\/hearing-aids\/<\/a><\/li><\/ul><p> <\/p>\t\t\t\t\t\t\t\t<\/div>\n\t\t\t\t<\/div>\n\t\t\t\t\t<\/div>\n\t\t<\/div>\n\t\t\t\t\t<\/div>\n\t\t<\/section>\n\t\t\t\t<\/div>\n\t\t<\/body><\/html>\n","protected":false},"excerpt":{"rendered":"<p>A perda auditiva raramente surge com um ponto de partida claro. Ela instala-se gradualmente. Uma palavra que n\u00e3o se ouve aqui, a televis\u00e3o um pouco mais alta ali, uma avers\u00e3o crescente a restaurantes movimentados que n\u00e3o se consegue explicar bem. Quando se gosta de algu\u00e9m que est\u00e1 a passar por isto, pode ser dif\u00edcil de assistir. As conversas tornam-se cansativas para essa pessoa e frustrantes para todos os outros. Pode sentir-se tentado a insistir mais, especialmente se os sinais lhe parecem \u00f3bvios. No entanto, o que parece teimosia \u00e9 muitas vezes outra coisa: uma resposta de prote\u00e7\u00e3o ao desconforto, ao embara\u00e7o, ao medo da mudan\u00e7a ou a uma m\u00e1 experi\u00eancia passada. A nega\u00e7\u00e3o \u00e9 comum e n\u00e3o \u00e9 um defeito de car\u00e1ter. O primeiro passo tamb\u00e9m n\u00e3o precisa de ser dram\u00e1tico. Uma avalia\u00e7\u00e3o auditiva calma e profissional pode ser enquadrada como uma simples refer\u00eancia inicial, da mesma forma que as pessoas verificam a press\u00e3o arterial ou a vis\u00e3o. Este artigo explica por que raz\u00e3o a nega\u00e7\u00e3o ocorre e como orientar um ente querido para essa primeira consulta com menos conflito e mais dignidade.<br \/>\nTr\u00eas dessas ferramentas s\u00e3o o Teste do Reflexo Ac\u00fastico (ARL), o Teste de Decaimento Tonal e o Teste Objetivo de Recrutamento de Metz. N\u00e3o s\u00e3o sofisticados. S\u00e3o testes espec\u00edficos e pr\u00e1ticos que ajudam os m\u00e9dicos a distinguir padr\u00f5es, a confirmar se o ouvido interno est\u00e1 a comportar-se como seria de esperar e a decidir se \u00e9 adequada uma avalia\u00e7\u00e3o m\u00e9dica mais aprofundada. O objetivo \u00e9 simples: clareza sem suposi\u00e7\u00f5es.             <\/p>\n","protected":false},"author":1,"featured_media":10854,"comment_status":"closed","ping_status":"closed","sticky":false,"template":"","format":"standard","meta":{"_seopress_robots_primary_cat":"","_seopress_titles_title":"Nega\u00e7\u00e3o da perda auditiva: ajudar um ente querido a dar o primeiro passo","_seopress_titles_desc":"A nega\u00e7\u00e3o \u00e9 comum em casos de perda auditiva gradual. Saiba por que isso acontece, o que dizer sem criar conflitos e como uma avalia\u00e7\u00e3o inicial tranquila pode facilitar o primeiro passo. ","_seopress_robots_index":"","footnotes":""},"categories":[38,24],"tags":[296,294,295,293],"class_list":["post-10870","post","type-post","status-publish","format-standard","has-post-thumbnail","hentry","category-aparelhos-auditivos","category-audiology-pt-pt","tag-avaliacao-auditiva","tag-conversas","tag-negacao","tag-ponto-de-partida"],"_links":{"self":[{"href":"https:\/\/audiocare.pt\/pt-pt\/wp-json\/wp\/v2\/posts\/10870","targetHints":{"allow":["GET"]}}],"collection":[{"href":"https:\/\/audiocare.pt\/pt-pt\/wp-json\/wp\/v2\/posts"}],"about":[{"href":"https:\/\/audiocare.pt\/pt-pt\/wp-json\/wp\/v2\/types\/post"}],"author":[{"embeddable":true,"href":"https:\/\/audiocare.pt\/pt-pt\/wp-json\/wp\/v2\/users\/1"}],"replies":[{"embeddable":true,"href":"https:\/\/audiocare.pt\/pt-pt\/wp-json\/wp\/v2\/comments?post=10870"}],"version-history":[{"count":3,"href":"https:\/\/audiocare.pt\/pt-pt\/wp-json\/wp\/v2\/posts\/10870\/revisions"}],"predecessor-version":[{"id":10873,"href":"https:\/\/audiocare.pt\/pt-pt\/wp-json\/wp\/v2\/posts\/10870\/revisions\/10873"}],"wp:featuredmedia":[{"embeddable":true,"href":"https:\/\/audiocare.pt\/pt-pt\/wp-json\/wp\/v2\/media\/10854"}],"wp:attachment":[{"href":"https:\/\/audiocare.pt\/pt-pt\/wp-json\/wp\/v2\/media?parent=10870"}],"wp:term":[{"taxonomy":"category","embeddable":true,"href":"https:\/\/audiocare.pt\/pt-pt\/wp-json\/wp\/v2\/categories?post=10870"},{"taxonomy":"post_tag","embeddable":true,"href":"https:\/\/audiocare.pt\/pt-pt\/wp-json\/wp\/v2\/tags?post=10870"}],"curies":[{"name":"wp","href":"https:\/\/api.w.org\/{rel}","templated":true}]}}